{"id":14169,"date":"2026-03-09T13:53:15","date_gmt":"2026-03-09T11:53:15","guid":{"rendered":"https:\/\/www.turismealtcamp.cat\/ruta-del-cister-estrena-areas-de-descanso-adecuadas-para-recorrer-el-territorio-en-bicicleta-electrica\/"},"modified":"2026-03-09T14:40:00","modified_gmt":"2026-03-09T12:40:00","slug":"ruta-del-cister-estrena-areas-de-descanso-adecuadas-para-recorrer-el-territorio-en-bicicleta-electrica","status":"publish","type":"post","link":"https:\/\/www.turismealtcamp.cat\/es\/ruta-del-cister-estrena-areas-de-descanso-adecuadas-para-recorrer-el-territorio-en-bicicleta-electrica\/","title":{"rendered":"Ruta del C\u00edster estrena \u00e1reas de descanso adecuadas para recorrer el territorio en bicicleta el\u00e9ctrica"},"content":{"rendered":"\t\t<div data-elementor-type=\"wp-post\" data-elementor-id=\"14169\" class=\"elementor elementor-14169 elementor-14144\">\n\t\t\t\t<div class=\"elementor-element elementor-element-4c047724 e-flex e-con-boxed e-con e-parent\" data-id=\"4c047724\" data-element_type=\"container\" data-e-type=\"container\">\n\t\t\t\t\t<div class=\"e-con-inner\">\n\t\t\t\t<div class=\"elementor-element elementor-element-31f495b3 elementor-widget elementor-widget-text-editor\" data-id=\"31f495b3\" data-element_type=\"widget\" data-e-type=\"widget\" data-widget_type=\"text-editor.default\">\n\t\t\t\t<div class=\"elementor-widget-container\">\n\t\t\t\t\t\t\t\t\t<p>Los consejos comarcales del Alt Camp, la Conca de Barber\u00e0 y el Urgell han inaugurado cuatro \u00e1reas de descanso pensadas para las personas que recorren el territorio en bicicletas el\u00e9ctricas. La actuaci\u00f3n forma parte del proyecto financiado con fondos de la Uni\u00f3n Europea de creaci\u00f3n y consolidaci\u00f3n del <strong>GR175 \u2013 La Ruta del C\u00edster<\/strong> como producto tur\u00edstico sostenible. Esta actuaci\u00f3n, coordinada y ejecutada por el Consejo Comarcal de la Conca de Barber\u00e0, forma parte de una estrategia global de transformaci\u00f3n tur\u00edstica que tiene como objetivo reforzar el posicionamiento del territorio en turismo activo, sostenible y responsable.<\/p>\n<p>El proyecto supone un paso decisivo en la apuesta estrat\u00e9gica del territorio por reforzar la movilidad sostenible y la conexi\u00f3n entre patrimonio y naturaleza. Las \u00e1reas de descanso para bicicletas el\u00e9ctricas se han instalado en espacios emblem\u00e1ticos de la Ruta: en el Monasterio de Poblet, en Montblanc, en Vallbona de les Monges y en Santes Creus. Estas estaciones cuentan con una zona de descanso con mobiliario adaptado a cada espacio, cargadores el\u00e9ctricos y estaciones de reparaci\u00f3n de bicicletas.<\/p>\n<p>Gracias a esta actuaci\u00f3n y a los puntos de reparaci\u00f3n y carga previamente instalados en todos los municipios por los que pasa el GR175, la Ruta se ha convertido en un recorrido apto para bicicletas el\u00e9ctricas que ofrece a los cicloturistas una experiencia segura y c\u00f3moda a lo largo de todo el trayecto. Adem\u00e1s, la red de \u00e1reas de descanso contribuye a convertir este sendero de gran recorrido en un producto tur\u00edstico competitivo, especialmente en el segmento del cicloturismo, que se caracteriza por un crecimiento constante y por una elevada capacidad de gasto y de desestacionalizaci\u00f3n de la demanda tur\u00edstica.<\/p>\n<p>El GR175 pasa as\u00ed de ser una simple ruta patrimonial a convertirse en un eje vertebrador del territorio que conecta patrimonio cultural, paisaje y municipios. Los grandes atractivos patrimoniales se convierten en parte de una experiencia activa e inmersiva que favorece la estancia, la movilidad entre municipios y el descubrimiento progresivo del territorio. La iniciativa, adem\u00e1s, contribuye a dinamizar los municipios, incrementa las oportunidades del sector del alojamiento y la restauraci\u00f3n, e impulsa la creaci\u00f3n de nuevos servicios vinculados al cicloturismo. Finalmente, ayuda a distribuir los flujos de visitantes a lo largo de todo el recorrido y refuerza la cohesi\u00f3n comarcal.<\/p>\n<p>Con esta actuaci\u00f3n, el Consejo Comarcal reafirma su compromiso con un modelo de desarrollo tur\u00edstico equilibrado y sostenible, capaz de generar un impacto econ\u00f3mico positivo sin renunciar a la preservaci\u00f3n del patrimonio cultural y natural. Las nuevas \u00e1reas de descanso se convierten en un elemento clave para posicionar la Ruta del C\u00edster como referente en turismo activo en Catalu\u00f1a y consolidan el GR175 como un producto de futuro con proyecci\u00f3n nacional e internacional.<\/p>\n<p>M\u00e1s informaci\u00f3n: <a href=\"https:\/\/gr175.larutadelcister.cat\/\">https:\/\/gr175.larutadelcister.cat<\/a><\/p>\n\t\t\t\t\t\t\t\t<\/div>\n\t\t\t\t<\/div>\n\t\t\t\t\t<\/div>\n\t\t\t\t<\/div>\n\t\t<div class=\"elementor-element elementor-element-eec90e1 e-flex e-con-boxed e-con e-parent\" data-id=\"eec90e1\" data-element_type=\"container\" data-e-type=\"container\">\n\t\t\t\t\t<div class=\"e-con-inner\">\n\t\t\t\t<div class=\"elementor-element elementor-element-15010a7 elementor-widget elementor-widget-image\" data-id=\"15010a7\" data-element_type=\"widget\" data-e-type=\"widget\" data-widget_type=\"image.default\">\n\t\t\t\t<div class=\"elementor-widget-container\">\n\t\t\t\t\t\t\t\t\t\t\t\t\t\t\t<img fetchpriority=\"high\" decoding=\"async\" width=\"1024\" height=\"769\" src=\"https:\/\/www.turismealtcamp.cat\/wp-content\/uploads\/2026\/03\/La-Ruta-del-Cister-2-1024x769.jpg\" class=\"attachment-large size-large wp-image-14163\" alt=\"\" srcset=\"https:\/\/www.turismealtcamp.cat\/wp-content\/uploads\/2026\/03\/La-Ruta-del-Cister-2-1024x769.jpg 1024w, https:\/\/www.turismealtcamp.cat\/wp-content\/uploads\/2026\/03\/La-Ruta-del-Cister-2-300x225.jpg 300w, https:\/\/www.turismealtcamp.cat\/wp-content\/uploads\/2026\/03\/La-Ruta-del-Cister-2-768x577.jpg 768w, https:\/\/www.turismealtcamp.cat\/wp-content\/uploads\/2026\/03\/La-Ruta-del-Cister-2-1536x1154.jpg 1536w, https:\/\/www.turismealtcamp.cat\/wp-content\/uploads\/2026\/03\/La-Ruta-del-Cister-2-2048x1538.jpg 2048w\" sizes=\"(max-width: 1024px) 100vw, 1024px\" \/>\t\t\t\t\t\t\t\t\t\t\t\t\t\t\t<\/div>\n\t\t\t\t<\/div>\n\t\t\t\t\t<\/div>\n\t\t\t\t<\/div>\n\t\t\t\t<\/div>\n\t\t","protected":false},"excerpt":{"rendered":"<p>Los consejos comarcales del Alt Camp, la Conca de Barber\u00e0 y el Urgell han inaugurado cuatro \u00e1reas de descanso pensadas para las personas que recorren el territorio en bicicletas el\u00e9ctricas. La actuaci\u00f3n forma parte del proyecto financiado con fondos de la Uni\u00f3n Europea de creaci\u00f3n y consolidaci\u00f3n del GR175 \u2013 La Ruta del C\u00edster como [&hellip;]<\/p>\n","protected":false},"author":5,"featured_media":14148,"comment_status":"closed","ping_status":"closed","sticky":false,"template":"","format":"standard","meta":{"ocean_post_layout":"","ocean_both_sidebars_style":"","ocean_both_sidebars_content_width":0,"ocean_both_sidebars_sidebars_width":0,"ocean_sidebar":"","ocean_second_sidebar":"","ocean_disable_margins":"enable","ocean_add_body_class":"","ocean_shortcode_before_top_bar":"","ocean_shortcode_after_top_bar":"","ocean_shortcode_before_header":"","ocean_shortcode_after_header":"","ocean_has_shortcode":"","ocean_shortcode_after_title":"","ocean_shortcode_before_footer_widgets":"","ocean_shortcode_after_footer_widgets":"","ocean_shortcode_before_footer_bottom":"","ocean_shortcode_after_footer_bottom":"","ocean_display_top_bar":"default","ocean_display_header":"default","ocean_header_style":"","ocean_center_header_left_menu":"","ocean_custom_header_template":"","ocean_custom_logo":0,"ocean_custom_retina_logo":0,"ocean_custom_logo_max_width":0,"ocean_custom_logo_tablet_max_width":0,"ocean_custom_logo_mobile_max_width":0,"ocean_custom_logo_max_height":0,"ocean_custom_logo_tablet_max_height":0,"ocean_custom_logo_mobile_max_height":0,"ocean_header_custom_menu":"","ocean_menu_typo_font_family":"","ocean_menu_typo_font_subset":"","ocean_menu_typo_font_size":0,"ocean_menu_typo_font_size_tablet":0,"ocean_menu_typo_font_size_mobile":0,"ocean_menu_typo_font_size_unit":"px","ocean_menu_typo_font_weight":"","ocean_menu_typo_font_weight_tablet":"","ocean_menu_typo_font_weight_mobile":"","ocean_menu_typo_transform":"","ocean_menu_typo_transform_tablet":"","ocean_menu_typo_transform_mobile":"","ocean_menu_typo_line_height":0,"ocean_menu_typo_line_height_tablet":0,"ocean_menu_typo_line_height_mobile":0,"ocean_menu_typo_line_height_unit":"","ocean_menu_typo_spacing":0,"ocean_menu_typo_spacing_tablet":0,"ocean_menu_typo_spacing_mobile":0,"ocean_menu_typo_spacing_unit":"","ocean_menu_link_color":"","ocean_menu_link_color_hover":"","ocean_menu_link_color_active":"","ocean_menu_link_background":"","ocean_menu_link_hover_background":"","ocean_menu_link_active_background":"","ocean_menu_social_links_bg":"","ocean_menu_social_hover_links_bg":"","ocean_menu_social_links_color":"","ocean_menu_social_hover_links_color":"","ocean_disable_title":"default","ocean_disable_heading":"default","ocean_post_title":"","ocean_post_subheading":"","ocean_post_title_style":"","ocean_post_title_background_color":"","ocean_post_title_background":0,"ocean_post_title_bg_image_position":"","ocean_post_title_bg_image_attachment":"","ocean_post_title_bg_image_repeat":"","ocean_post_title_bg_image_size":"","ocean_post_title_height":0,"ocean_post_title_bg_overlay":0.5,"ocean_post_title_bg_overlay_color":"","ocean_disable_breadcrumbs":"default","ocean_breadcrumbs_color":"","ocean_breadcrumbs_separator_color":"","ocean_breadcrumbs_links_color":"","ocean_breadcrumbs_links_hover_color":"","ocean_display_footer_widgets":"default","ocean_display_footer_bottom":"default","ocean_custom_footer_template":"","ocean_post_oembed":"","ocean_post_self_hosted_media":"","ocean_post_video_embed":"","ocean_link_format":"","ocean_link_format_target":"self","ocean_quote_format":"","ocean_quote_format_link":"post","ocean_gallery_link_images":"on","ocean_gallery_id":[],"footnotes":""},"categories":[26],"tags":[73],"class_list":["post-14169","post","type-post","status-publish","format-standard","has-post-thumbnail","hentry","category-noticias","tag-inicio","entry","has-media"],"yoast_head":"<!-- This site is optimized with the Yoast SEO plugin v27.5 - https:\/\/yoast.com\/product\/yoast-seo-wordpress\/ -->\n<title>Ruta del C\u00edster estrena \u00e1reas de descanso adecuadas para recorrer el territorio en bicicleta el\u00e9ctrica - Turisme a l&#039;Alt Camp<\/title>\n<meta name=\"robots\" content=\"index, follow, max-snippet:-1, max-image-preview:large, max-video-preview:-1\" \/>\n<link rel=\"canonical\" href=\"https:\/\/www.turismealtcamp.cat\/es\/ruta-del-cister-estrena-areas-de-descanso-adecuadas-para-recorrer-el-territorio-en-bicicleta-electrica\/\" \/>\n<meta property=\"og:locale\" content=\"es_ES\" \/>\n<meta property=\"og:type\" content=\"article\" \/>\n<meta property=\"og:title\" content=\"Ruta del C\u00edster estrena \u00e1reas de descanso adecuadas para recorrer el territorio en bicicleta el\u00e9ctrica - Turisme a l&#039;Alt Camp\" \/>\n<meta property=\"og:description\" content=\"Los consejos comarcales del Alt Camp, la Conca de Barber\u00e0 y el Urgell han inaugurado cuatro \u00e1reas de descanso pensadas para las personas que recorren el territorio en bicicletas el\u00e9ctricas. La actuaci\u00f3n forma parte del proyecto financiado con fondos de la Uni\u00f3n Europea de creaci\u00f3n y consolidaci\u00f3n del GR175 \u2013 La Ruta del C\u00edster como [&hellip;]\" \/>\n<meta property=\"og:url\" content=\"https:\/\/www.turismealtcamp.cat\/es\/ruta-del-cister-estrena-areas-de-descanso-adecuadas-para-recorrer-el-territorio-en-bicicleta-electrica\/\" \/>\n<meta property=\"og:site_name\" content=\"Turisme a l&#039;Alt Camp\" \/>\n<meta property=\"article:publisher\" content=\"https:\/\/es-es.facebook.com\/turismealtcamp\/\" \/>\n<meta property=\"article:published_time\" content=\"2026-03-09T11:53:15+00:00\" \/>\n<meta property=\"article:modified_time\" content=\"2026-03-09T12:40:00+00:00\" \/>\n<meta property=\"og:image\" content=\"https:\/\/www.turismealtcamp.cat\/wp-content\/uploads\/2026\/03\/La-Ruta-del-Cister-1-scaled.jpg\" \/>\n\t<meta property=\"og:image:width\" content=\"2560\" \/>\n\t<meta property=\"og:image:height\" content=\"1923\" \/>\n\t<meta property=\"og:image:type\" content=\"image\/jpeg\" \/>\n<meta name=\"author\" content=\"Turisme Alt Camp\" \/>\n<meta name=\"twitter:card\" content=\"summary_large_image\" \/>\n<meta name=\"twitter:creator\" content=\"@turismealtcamp\" \/>\n<meta name=\"twitter:site\" content=\"@turismealtcamp\" \/>\n<meta name=\"twitter:label1\" content=\"Escrito por\" \/>\n\t<meta name=\"twitter:data1\" content=\"Turisme Alt Camp\" \/>\n\t<meta name=\"twitter:label2\" content=\"Tiempo de lectura\" \/>\n\t<meta name=\"twitter:data2\" content=\"2 minutos\" \/>\n<script type=\"application\/ld+json\" class=\"yoast-schema-graph\">{\"@context\":\"https:\\\/\\\/schema.org\",\"@graph\":[{\"@type\":\"Article\",\"@id\":\"https:\\\/\\\/www.turismealtcamp.cat\\\/es\\\/ruta-del-cister-estrena-areas-de-descanso-adecuadas-para-recorrer-el-territorio-en-bicicleta-electrica\\\/#article\",\"isPartOf\":{\"@id\":\"https:\\\/\\\/www.turismealtcamp.cat\\\/es\\\/ruta-del-cister-estrena-areas-de-descanso-adecuadas-para-recorrer-el-territorio-en-bicicleta-electrica\\\/\"},\"author\":{\"name\":\"Turisme Alt Camp\",\"@id\":\"https:\\\/\\\/www.turismealtcamp.cat\\\/es\\\/#\\\/schema\\\/person\\\/f7077c90a4a640084493af0bbc53c5ab\"},\"headline\":\"Ruta del C\u00edster estrena \u00e1reas de descanso adecuadas para recorrer el territorio en bicicleta el\u00e9ctrica\",\"datePublished\":\"2026-03-09T11:53:15+00:00\",\"dateModified\":\"2026-03-09T12:40:00+00:00\",\"mainEntityOfPage\":{\"@id\":\"https:\\\/\\\/www.turismealtcamp.cat\\\/es\\\/ruta-del-cister-estrena-areas-de-descanso-adecuadas-para-recorrer-el-territorio-en-bicicleta-electrica\\\/\"},\"wordCount\":507,\"publisher\":{\"@id\":\"https:\\\/\\\/www.turismealtcamp.cat\\\/es\\\/#organization\"},\"image\":{\"@id\":\"https:\\\/\\\/www.turismealtcamp.cat\\\/es\\\/ruta-del-cister-estrena-areas-de-descanso-adecuadas-para-recorrer-el-territorio-en-bicicleta-electrica\\\/#primaryimage\"},\"thumbnailUrl\":\"https:\\\/\\\/www.turismealtcamp.cat\\\/wp-content\\\/uploads\\\/2026\\\/03\\\/La-Ruta-del-Cister-1-scaled.jpg\",\"keywords\":[\"Inicio\"],\"articleSection\":[\"Noticias\"],\"inLanguage\":\"es\"},{\"@type\":\"WebPage\",\"@id\":\"https:\\\/\\\/www.turismealtcamp.cat\\\/es\\\/ruta-del-cister-estrena-areas-de-descanso-adecuadas-para-recorrer-el-territorio-en-bicicleta-electrica\\\/\",\"url\":\"https:\\\/\\\/www.turismealtcamp.cat\\\/es\\\/ruta-del-cister-estrena-areas-de-descanso-adecuadas-para-recorrer-el-territorio-en-bicicleta-electrica\\\/\",\"name\":\"Ruta del C\u00edster estrena \u00e1reas de descanso adecuadas para recorrer el territorio en bicicleta el\u00e9ctrica - Turisme a l&#039;Alt Camp\",\"isPartOf\":{\"@id\":\"https:\\\/\\\/www.turismealtcamp.cat\\\/es\\\/#website\"},\"primaryImageOfPage\":{\"@id\":\"https:\\\/\\\/www.turismealtcamp.cat\\\/es\\\/ruta-del-cister-estrena-areas-de-descanso-adecuadas-para-recorrer-el-territorio-en-bicicleta-electrica\\\/#primaryimage\"},\"image\":{\"@id\":\"https:\\\/\\\/www.turismealtcamp.cat\\\/es\\\/ruta-del-cister-estrena-areas-de-descanso-adecuadas-para-recorrer-el-territorio-en-bicicleta-electrica\\\/#primaryimage\"},\"thumbnailUrl\":\"https:\\\/\\\/www.turismealtcamp.cat\\\/wp-content\\\/uploads\\\/2026\\\/03\\\/La-Ruta-del-Cister-1-scaled.jpg\",\"datePublished\":\"2026-03-09T11:53:15+00:00\",\"dateModified\":\"2026-03-09T12:40:00+00:00\",\"breadcrumb\":{\"@id\":\"https:\\\/\\\/www.turismealtcamp.cat\\\/es\\\/ruta-del-cister-estrena-areas-de-descanso-adecuadas-para-recorrer-el-territorio-en-bicicleta-electrica\\\/#breadcrumb\"},\"inLanguage\":\"es\",\"potentialAction\":[{\"@type\":\"ReadAction\",\"target\":[\"https:\\\/\\\/www.turismealtcamp.cat\\\/es\\\/ruta-del-cister-estrena-areas-de-descanso-adecuadas-para-recorrer-el-territorio-en-bicicleta-electrica\\\/\"]}]},{\"@type\":\"ImageObject\",\"inLanguage\":\"es\",\"@id\":\"https:\\\/\\\/www.turismealtcamp.cat\\\/es\\\/ruta-del-cister-estrena-areas-de-descanso-adecuadas-para-recorrer-el-territorio-en-bicicleta-electrica\\\/#primaryimage\",\"url\":\"https:\\\/\\\/www.turismealtcamp.cat\\\/wp-content\\\/uploads\\\/2026\\\/03\\\/La-Ruta-del-Cister-1-scaled.jpg\",\"contentUrl\":\"https:\\\/\\\/www.turismealtcamp.cat\\\/wp-content\\\/uploads\\\/2026\\\/03\\\/La-Ruta-del-Cister-1-scaled.jpg\",\"width\":2560,\"height\":1923},{\"@type\":\"BreadcrumbList\",\"@id\":\"https:\\\/\\\/www.turismealtcamp.cat\\\/es\\\/ruta-del-cister-estrena-areas-de-descanso-adecuadas-para-recorrer-el-territorio-en-bicicleta-electrica\\\/#breadcrumb\",\"itemListElement\":[{\"@type\":\"ListItem\",\"position\":1,\"name\":\"Inici\",\"item\":\"https:\\\/\\\/www.turismealtcamp.cat\\\/es\\\/\"},{\"@type\":\"ListItem\",\"position\":2,\"name\":\"Ruta del C\u00edster estrena \u00e1reas de descanso adecuadas para recorrer el territorio en bicicleta el\u00e9ctrica\"}]},{\"@type\":\"WebSite\",\"@id\":\"https:\\\/\\\/www.turismealtcamp.cat\\\/es\\\/#website\",\"url\":\"https:\\\/\\\/www.turismealtcamp.cat\\\/es\\\/\",\"name\":\"Turisme a l'Alt Camp\",\"description\":\"Turisme a l&#039;Alt Camp\",\"publisher\":{\"@id\":\"https:\\\/\\\/www.turismealtcamp.cat\\\/es\\\/#organization\"},\"potentialAction\":[{\"@type\":\"SearchAction\",\"target\":{\"@type\":\"EntryPoint\",\"urlTemplate\":\"https:\\\/\\\/www.turismealtcamp.cat\\\/es\\\/?s={search_term_string}\"},\"query-input\":{\"@type\":\"PropertyValueSpecification\",\"valueRequired\":true,\"valueName\":\"search_term_string\"}}],\"inLanguage\":\"es\"},{\"@type\":\"Organization\",\"@id\":\"https:\\\/\\\/www.turismealtcamp.cat\\\/es\\\/#organization\",\"name\":\"Turisme a l'Alt Camp\",\"url\":\"https:\\\/\\\/www.turismealtcamp.cat\\\/es\\\/\",\"logo\":{\"@type\":\"ImageObject\",\"inLanguage\":\"es\",\"@id\":\"https:\\\/\\\/www.turismealtcamp.cat\\\/es\\\/#\\\/schema\\\/logo\\\/image\\\/\",\"url\":\"https:\\\/\\\/www.turismealtcamp.cat\\\/wp-content\\\/uploads\\\/2024\\\/09\\\/turisme-alt-camp.png\",\"contentUrl\":\"https:\\\/\\\/www.turismealtcamp.cat\\\/wp-content\\\/uploads\\\/2024\\\/09\\\/turisme-alt-camp.png\",\"width\":219,\"height\":100,\"caption\":\"Turisme a l'Alt Camp\"},\"image\":{\"@id\":\"https:\\\/\\\/www.turismealtcamp.cat\\\/es\\\/#\\\/schema\\\/logo\\\/image\\\/\"},\"sameAs\":[\"https:\\\/\\\/es-es.facebook.com\\\/turismealtcamp\\\/\",\"https:\\\/\\\/x.com\\\/turismealtcamp\",\"https:\\\/\\\/www.instagram.com\\\/turismealtcamp\\\/\",\"https:\\\/\\\/www.youtube.com\\\/@TurismeAltCamp\"]},{\"@type\":\"Person\",\"@id\":\"https:\\\/\\\/www.turismealtcamp.cat\\\/es\\\/#\\\/schema\\\/person\\\/f7077c90a4a640084493af0bbc53c5ab\",\"name\":\"Turisme Alt Camp\",\"image\":{\"@type\":\"ImageObject\",\"inLanguage\":\"es\",\"@id\":\"https:\\\/\\\/secure.gravatar.com\\\/avatar\\\/248d7aa05aa52cd58c5b120a2ef2c21bbc52e314142bbf872fe4479b5cd9e69c?s=96&d=mm&r=g\",\"url\":\"https:\\\/\\\/secure.gravatar.com\\\/avatar\\\/248d7aa05aa52cd58c5b120a2ef2c21bbc52e314142bbf872fe4479b5cd9e69c?s=96&d=mm&r=g\",\"contentUrl\":\"https:\\\/\\\/secure.gravatar.com\\\/avatar\\\/248d7aa05aa52cd58c5b120a2ef2c21bbc52e314142bbf872fe4479b5cd9e69c?s=96&d=mm&r=g\",\"caption\":\"Turisme Alt Camp\"},\"url\":\"https:\\\/\\\/www.turismealtcamp.cat\\\/es\\\/author\\\/tac\\\/\"}]}<\/script>\n<!-- \/ Yoast SEO plugin. -->","yoast_head_json":{"title":"Ruta del C\u00edster estrena \u00e1reas de descanso adecuadas para recorrer el territorio en bicicleta el\u00e9ctrica - Turisme a l&#039;Alt Camp","robots":{"index":"index","follow":"follow","max-snippet":"max-snippet:-1","max-image-preview":"max-image-preview:large","max-video-preview":"max-video-preview:-1"},"canonical":"https:\/\/www.turismealtcamp.cat\/es\/ruta-del-cister-estrena-areas-de-descanso-adecuadas-para-recorrer-el-territorio-en-bicicleta-electrica\/","og_locale":"es_ES","og_type":"article","og_title":"Ruta del C\u00edster estrena \u00e1reas de descanso adecuadas para recorrer el territorio en bicicleta el\u00e9ctrica - Turisme a l&#039;Alt Camp","og_description":"Los consejos comarcales del Alt Camp, la Conca de Barber\u00e0 y el Urgell han inaugurado cuatro \u00e1reas de descanso pensadas para las personas que recorren el territorio en bicicletas el\u00e9ctricas. La actuaci\u00f3n forma parte del proyecto financiado con fondos de la Uni\u00f3n Europea de creaci\u00f3n y consolidaci\u00f3n del GR175 \u2013 La Ruta del C\u00edster como [&hellip;]","og_url":"https:\/\/www.turismealtcamp.cat\/es\/ruta-del-cister-estrena-areas-de-descanso-adecuadas-para-recorrer-el-territorio-en-bicicleta-electrica\/","og_site_name":"Turisme a l&#039;Alt Camp","article_publisher":"https:\/\/es-es.facebook.com\/turismealtcamp\/","article_published_time":"2026-03-09T11:53:15+00:00","article_modified_time":"2026-03-09T12:40:00+00:00","og_image":[{"width":2560,"height":1923,"url":"https:\/\/www.turismealtcamp.cat\/wp-content\/uploads\/2026\/03\/La-Ruta-del-Cister-1-scaled.jpg","type":"image\/jpeg"}],"author":"Turisme Alt Camp","twitter_card":"summary_large_image","twitter_creator":"@turismealtcamp","twitter_site":"@turismealtcamp","twitter_misc":{"Escrito por":"Turisme Alt Camp","Tiempo de lectura":"2 minutos"},"schema":{"@context":"https:\/\/schema.org","@graph":[{"@type":"Article","@id":"https:\/\/www.turismealtcamp.cat\/es\/ruta-del-cister-estrena-areas-de-descanso-adecuadas-para-recorrer-el-territorio-en-bicicleta-electrica\/#article","isPartOf":{"@id":"https:\/\/www.turismealtcamp.cat\/es\/ruta-del-cister-estrena-areas-de-descanso-adecuadas-para-recorrer-el-territorio-en-bicicleta-electrica\/"},"author":{"name":"Turisme Alt Camp","@id":"https:\/\/www.turismealtcamp.cat\/es\/#\/schema\/person\/f7077c90a4a640084493af0bbc53c5ab"},"headline":"Ruta del C\u00edster estrena \u00e1reas de descanso adecuadas para recorrer el territorio en bicicleta el\u00e9ctrica","datePublished":"2026-03-09T11:53:15+00:00","dateModified":"2026-03-09T12:40:00+00:00","mainEntityOfPage":{"@id":"https:\/\/www.turismealtcamp.cat\/es\/ruta-del-cister-estrena-areas-de-descanso-adecuadas-para-recorrer-el-territorio-en-bicicleta-electrica\/"},"wordCount":507,"publisher":{"@id":"https:\/\/www.turismealtcamp.cat\/es\/#organization"},"image":{"@id":"https:\/\/www.turismealtcamp.cat\/es\/ruta-del-cister-estrena-areas-de-descanso-adecuadas-para-recorrer-el-territorio-en-bicicleta-electrica\/#primaryimage"},"thumbnailUrl":"https:\/\/www.turismealtcamp.cat\/wp-content\/uploads\/2026\/03\/La-Ruta-del-Cister-1-scaled.jpg","keywords":["Inicio"],"articleSection":["Noticias"],"inLanguage":"es"},{"@type":"WebPage","@id":"https:\/\/www.turismealtcamp.cat\/es\/ruta-del-cister-estrena-areas-de-descanso-adecuadas-para-recorrer-el-territorio-en-bicicleta-electrica\/","url":"https:\/\/www.turismealtcamp.cat\/es\/ruta-del-cister-estrena-areas-de-descanso-adecuadas-para-recorrer-el-territorio-en-bicicleta-electrica\/","name":"Ruta del C\u00edster estrena \u00e1reas de descanso adecuadas para recorrer el territorio en bicicleta el\u00e9ctrica - Turisme a l&#039;Alt Camp","isPartOf":{"@id":"https:\/\/www.turismealtcamp.cat\/es\/#website"},"primaryImageOfPage":{"@id":"https:\/\/www.turismealtcamp.cat\/es\/ruta-del-cister-estrena-areas-de-descanso-adecuadas-para-recorrer-el-territorio-en-bicicleta-electrica\/#primaryimage"},"image":{"@id":"https:\/\/www.turismealtcamp.cat\/es\/ruta-del-cister-estrena-areas-de-descanso-adecuadas-para-recorrer-el-territorio-en-bicicleta-electrica\/#primaryimage"},"thumbnailUrl":"https:\/\/www.turismealtcamp.cat\/wp-content\/uploads\/2026\/03\/La-Ruta-del-Cister-1-scaled.jpg","datePublished":"2026-03-09T11:53:15+00:00","dateModified":"2026-03-09T12:40:00+00:00","breadcrumb":{"@id":"https:\/\/www.turismealtcamp.cat\/es\/ruta-del-cister-estrena-areas-de-descanso-adecuadas-para-recorrer-el-territorio-en-bicicleta-electrica\/#breadcrumb"},"inLanguage":"es","potentialAction":[{"@type":"ReadAction","target":["https:\/\/www.turismealtcamp.cat\/es\/ruta-del-cister-estrena-areas-de-descanso-adecuadas-para-recorrer-el-territorio-en-bicicleta-electrica\/"]}]},{"@type":"ImageObject","inLanguage":"es","@id":"https:\/\/www.turismealtcamp.cat\/es\/ruta-del-cister-estrena-areas-de-descanso-adecuadas-para-recorrer-el-territorio-en-bicicleta-electrica\/#primaryimage","url":"https:\/\/www.turismealtcamp.cat\/wp-content\/uploads\/2026\/03\/La-Ruta-del-Cister-1-scaled.jpg","contentUrl":"https:\/\/www.turismealtcamp.cat\/wp-content\/uploads\/2026\/03\/La-Ruta-del-Cister-1-scaled.jpg","width":2560,"height":1923},{"@type":"BreadcrumbList","@id":"https:\/\/www.turismealtcamp.cat\/es\/ruta-del-cister-estrena-areas-de-descanso-adecuadas-para-recorrer-el-territorio-en-bicicleta-electrica\/#breadcrumb","itemListElement":[{"@type":"ListItem","position":1,"name":"Inici","item":"https:\/\/www.turismealtcamp.cat\/es\/"},{"@type":"ListItem","position":2,"name":"Ruta del C\u00edster estrena \u00e1reas de descanso adecuadas para recorrer el territorio en bicicleta el\u00e9ctrica"}]},{"@type":"WebSite","@id":"https:\/\/www.turismealtcamp.cat\/es\/#website","url":"https:\/\/www.turismealtcamp.cat\/es\/","name":"Turisme a l'Alt Camp","description":"Turisme a l&#039;Alt Camp","publisher":{"@id":"https:\/\/www.turismealtcamp.cat\/es\/#organization"},"potentialAction":[{"@type":"SearchAction","target":{"@type":"EntryPoint","urlTemplate":"https:\/\/www.turismealtcamp.cat\/es\/?s={search_term_string}"},"query-input":{"@type":"PropertyValueSpecification","valueRequired":true,"valueName":"search_term_string"}}],"inLanguage":"es"},{"@type":"Organization","@id":"https:\/\/www.turismealtcamp.cat\/es\/#organization","name":"Turisme a l'Alt Camp","url":"https:\/\/www.turismealtcamp.cat\/es\/","logo":{"@type":"ImageObject","inLanguage":"es","@id":"https:\/\/www.turismealtcamp.cat\/es\/#\/schema\/logo\/image\/","url":"https:\/\/www.turismealtcamp.cat\/wp-content\/uploads\/2024\/09\/turisme-alt-camp.png","contentUrl":"https:\/\/www.turismealtcamp.cat\/wp-content\/uploads\/2024\/09\/turisme-alt-camp.png","width":219,"height":100,"caption":"Turisme a l'Alt Camp"},"image":{"@id":"https:\/\/www.turismealtcamp.cat\/es\/#\/schema\/logo\/image\/"},"sameAs":["https:\/\/es-es.facebook.com\/turismealtcamp\/","https:\/\/x.com\/turismealtcamp","https:\/\/www.instagram.com\/turismealtcamp\/","https:\/\/www.youtube.com\/@TurismeAltCamp"]},{"@type":"Person","@id":"https:\/\/www.turismealtcamp.cat\/es\/#\/schema\/person\/f7077c90a4a640084493af0bbc53c5ab","name":"Turisme Alt Camp","image":{"@type":"ImageObject","inLanguage":"es","@id":"https:\/\/secure.gravatar.com\/avatar\/248d7aa05aa52cd58c5b120a2ef2c21bbc52e314142bbf872fe4479b5cd9e69c?s=96&d=mm&r=g","url":"https:\/\/secure.gravatar.com\/avatar\/248d7aa05aa52cd58c5b120a2ef2c21bbc52e314142bbf872fe4479b5cd9e69c?s=96&d=mm&r=g","contentUrl":"https:\/\/secure.gravatar.com\/avatar\/248d7aa05aa52cd58c5b120a2ef2c21bbc52e314142bbf872fe4479b5cd9e69c?s=96&d=mm&r=g","caption":"Turisme Alt Camp"},"url":"https:\/\/www.turismealtcamp.cat\/es\/author\/tac\/"}]}},"_links":{"self":[{"href":"https:\/\/www.turismealtcamp.cat\/es\/wp-json\/wp\/v2\/posts\/14169","targetHints":{"allow":["GET"]}}],"collection":[{"href":"https:\/\/www.turismealtcamp.cat\/es\/wp-json\/wp\/v2\/posts"}],"about":[{"href":"https:\/\/www.turismealtcamp.cat\/es\/wp-json\/wp\/v2\/types\/post"}],"author":[{"embeddable":true,"href":"https:\/\/www.turismealtcamp.cat\/es\/wp-json\/wp\/v2\/users\/5"}],"replies":[{"embeddable":true,"href":"https:\/\/www.turismealtcamp.cat\/es\/wp-json\/wp\/v2\/comments?post=14169"}],"version-history":[{"count":3,"href":"https:\/\/www.turismealtcamp.cat\/es\/wp-json\/wp\/v2\/posts\/14169\/revisions"}],"predecessor-version":[{"id":14172,"href":"https:\/\/www.turismealtcamp.cat\/es\/wp-json\/wp\/v2\/posts\/14169\/revisions\/14172"}],"wp:featuredmedia":[{"embeddable":true,"href":"https:\/\/www.turismealtcamp.cat\/es\/wp-json\/wp\/v2\/media\/14148"}],"wp:attachment":[{"href":"https:\/\/www.turismealtcamp.cat\/es\/wp-json\/wp\/v2\/media?parent=14169"}],"wp:term":[{"taxonomy":"category","embeddable":true,"href":"https:\/\/www.turismealtcamp.cat\/es\/wp-json\/wp\/v2\/categories?post=14169"},{"taxonomy":"post_tag","embeddable":true,"href":"https:\/\/www.turismealtcamp.cat\/es\/wp-json\/wp\/v2\/tags?post=14169"}],"curies":[{"name":"wp","href":"https:\/\/api.w.org\/{rel}","templated":true}]}}